{"id":51,"date":"2015-01-06T20:20:56","date_gmt":"2015-01-06T20:20:56","guid":{"rendered":"http:\/\/www.pferdephysiotherapie-zell.de\/wp\/?p=51"},"modified":"2015-03-25T21:29:12","modified_gmt":"2015-03-25T21:29:12","slug":"physiotherapie","status":"publish","type":"post","link":"https:\/\/www.pferdephysiotherapie-zell.de\/?p=51","title":{"rendered":"Physiotherapie"},"content":{"rendered":"<p><img loading=\"lazy\" decoding=\"async\" class=\"logotop aligncenter\" src=\"http:\/\/www.pferdephysiotherapie-zell.de\/wp-content\/uploads\/2015\/03\/Logoy12.png\" alt=\"\" width=\"900\" height=\"242\" align=\"center\" border=\"0\" \/><\/p>\n<table style=\"border-color: #351700;\" border=\"0\" width=\"100%\" cellspacing=\"0\" cellpadding=\"0\">\n<tbody>\n<tr>\n<td colspan=\"3\">\n<h2><strong><span style=\"color: #ff6600;\">Physiotherapie\u2026<\/span><\/strong><\/h2>\n<p>\u2026ist in der Humanmedizin nicht mehr weg zu denken. Seit Jahrzehnten hat sie einen hohen Stellenwert in der Rehabilitation, Pr\u00e4vention und im Sport.<\/p>\n<p>Mein Ziel ist es, das Pferd und seinen Reiter als Einheit zu betrachten. Oft st\u00f6ren diese Harmonie jedoch Bewegungseinschr\u00e4nkungen, Blockaden, verk\u00fcrzte Muskulatur und vieles mehr. Diese Funktionsst\u00f6rungen seitens des Reiters und des Pferdes machen ein korrektes Reiten daher nahezu unm\u00f6glich. Neben der Behandlung Ihres Pferdes biete ich Ihnen gerne die Behandlungsm\u00f6glichkeit in der Praxis an bzw. zeige Ihnen vor Ort erste M\u00f6glichkeiten diese St\u00f6rungen zu beeinflu\u00dfen.<\/p>\n<p>&nbsp;<\/p>\n<h2><span style=\"color: #ff6600;\"><strong>Pferdephysiotherapie<\/strong>\u2026<\/span><\/h2>\n<p>&#8230; greift dieses langj\u00e4hrige Konzept auf und stellt somit eine sinnvolle Erg\u00e4nzung zum Tierarzt dar, besonders bei St\u00f6rungen des Knochenger\u00fcstes, Muskel- und Sehnenapparates, nach Operationen, Verletzungen, usw.<\/p>\n<p>Insbesondere bei Verletzungen des Muskel- und Sehnenapparates ist es oft schwierig eine \u201egesunde\u201c Mischung aus absoluter Ruhe und einer strukturierten Bewegungstherapie zu w\u00e4hlen.<\/p>\n<p>&nbsp;<\/p>\n<p>Dennoch bleibt es nicht aus, je nach Verletzungsstruktur Ruhephasen einzuhalten, was jedoch nach k\u00fcrzester Zeit wie wenige Tage oder Wochen bereits zu einem drastischen Abbau der Muskulatur f\u00fchrt.<\/p>\n<p>Das hohe Gewicht des Pferdes und seine besondere biomechanische Konstruktion verlangen ein hohes Ma\u00df an Wissen um\u00a0 Folgeverletzungen zu vermeiden.<\/p>\n<p>Die F\u00e4higkeit des Bewegungsapparates das hohe Gewicht abzufedern wird deutlich reduziert, wodurch es hier zu Belastungsspitzen an verschiedenen Strukturen kommt, was sich negativ auf die Heilung auswirken kann.<\/p>\n<p>Ich m\u00f6chte\u00a0 durch verschiedene mobilisierende sowie stabilisierende Techniken und einem individuell ausgearbeiteten Bewegungskonzept ihrem Pferd wieder zu einer Steigerung der Bewegungsqualit\u00e4t und zur Gesunderhaltung verhelfen.<\/p>\n<p>Denn eine erreichte gute Beweglichkeit kann nur in vollem Ma\u00dfe ausgen\u00fctzt werden, wenn das Pferd sich auch muskul\u00e4r daraus stabilisieren kann.<\/td>\n<\/tr>\n<\/tbody>\n<\/table>\n<p>&nbsp;<\/p>\n","protected":false},"excerpt":{"rendered":"<p>Physiotherapie\u2026 \u2026ist in der Humanmedizin nicht mehr weg zu denken. Seit Jahrzehnten hat sie einen hohen Stellenwert in der Rehabilitation, Pr\u00e4vention und im Sport. Mein Ziel ist es, das Pferd und seinen Reiter als Einheit zu betrachten. Oft st\u00f6ren diese Harmonie jedoch Bewegungseinschr\u00e4nkungen, Blockaden, verk\u00fcrzte Muskulatur und vieles mehr. Diese Funktionsst\u00f6rungen seitens des Reiters und [&hellip;]<\/p>\n","protected":false},"author":1,"featured_media":0,"comment_status":"open","ping_status":"open","sticky":false,"template":"","format":"standard","meta":{"footnotes":""},"categories":[17],"tags":[],"class_list":["post-51","post","type-post","status-publish","format-standard","hentry","category-physiotherapie-2"],"_links":{"self":[{"href":"https:\/\/www.pferdephysiotherapie-zell.de\/index.php?rest_route=\/wp\/v2\/posts\/51","targetHints":{"allow":["GET"]}}],"collection":[{"href":"https:\/\/www.pferdephysiotherapie-zell.de\/index.php?rest_route=\/wp\/v2\/posts"}],"about":[{"href":"https:\/\/www.pferdephysiotherapie-zell.de\/index.php?rest_route=\/wp\/v2\/types\/post"}],"author":[{"embeddable":true,"href":"https:\/\/www.pferdephysiotherapie-zell.de\/index.php?rest_route=\/wp\/v2\/users\/1"}],"replies":[{"embeddable":true,"href":"https:\/\/www.pferdephysiotherapie-zell.de\/index.php?rest_route=%2Fwp%2Fv2%2Fcomments&post=51"}],"version-history":[{"count":13,"href":"https:\/\/www.pferdephysiotherapie-zell.de\/index.php?rest_route=\/wp\/v2\/posts\/51\/revisions"}],"predecessor-version":[{"id":298,"href":"https:\/\/www.pferdephysiotherapie-zell.de\/index.php?rest_route=\/wp\/v2\/posts\/51\/revisions\/298"}],"wp:attachment":[{"href":"https:\/\/www.pferdephysiotherapie-zell.de\/index.php?rest_route=%2Fwp%2Fv2%2Fmedia&parent=51"}],"wp:term":[{"taxonomy":"category","embeddable":true,"href":"https:\/\/www.pferdephysiotherapie-zell.de\/index.php?rest_route=%2Fwp%2Fv2%2Fcategories&post=51"},{"taxonomy":"post_tag","embeddable":true,"href":"https:\/\/www.pferdephysiotherapie-zell.de\/index.php?rest_route=%2Fwp%2Fv2%2Ftags&post=51"}],"curies":[{"name":"wp","href":"https:\/\/api.w.org\/{rel}","templated":true}]}}